{"id":36,"date":"2023-02-13T10:37:18","date_gmt":"2023-02-13T09:37:18","guid":{"rendered":"http:\/\/www2.ueli-faehri.ch\/?p=36"},"modified":"2023-03-13T10:20:18","modified_gmt":"2023-03-13T09:20:18","slug":"wegen-revision-der-klingentalfaehre-verkehrt-die-ueli-faehri-bis-ende-februar-an-deren-stelle-beide-teams-freuen-sich-auf-ihren-besuch","status":"publish","type":"post","link":"https:\/\/www.ueli-faehri.ch\/?p=36","title":{"rendered":"Wegen Revision der Klingentalf\u00e4hre verkehrt die Ueli-F\u00e4hri bis Mitte M\u00e4rz an deren Stelle. Beide Teams freuen sich auf Ihren Besuch!"},"content":{"rendered":"\n<p>Die Klingentalf\u00e4hre ist vom 16. Januar bis etwa Mitte M\u00e4rz 2023 in Revision. In dieser Zeit verkehrt die Ueli-F\u00e4hri an deren Stelle. Die St. Johann-F\u00e4hre verkehrt daher bis zum Abschluss der Revision nicht.<\/p>\n","protected":false},"excerpt":{"rendered":"<p>Die Klingentalf\u00e4hre ist vom 16. Januar bis etwa Mitte M\u00e4rz 2023 in Revision. In dieser Zeit verkehrt die Ueli-F\u00e4hri an deren Stelle. Die St. Johann-F\u00e4hre verkehrt daher bis zum Abschluss der Revision nicht.<\/p>\n","protected":false},"author":2,"featured_media":0,"comment_status":"closed","ping_status":"closed","sticky":false,"template":"","format":"standard","meta":{"_et_pb_use_builder":"off","_et_pb_old_content":"","_et_gb_content_width":"","footnotes":""},"categories":[5],"tags":[],"class_list":["post-36","post","type-post","status-publish","format-standard","hentry","category-archiv"],"_links":{"self":[{"href":"https:\/\/www.ueli-faehri.ch\/index.php?rest_route=\/wp\/v2\/posts\/36","targetHints":{"allow":["GET"]}}],"collection":[{"href":"https:\/\/www.ueli-faehri.ch\/index.php?rest_route=\/wp\/v2\/posts"}],"about":[{"href":"https:\/\/www.ueli-faehri.ch\/index.php?rest_route=\/wp\/v2\/types\/post"}],"author":[{"embeddable":true,"href":"https:\/\/www.ueli-faehri.ch\/index.php?rest_route=\/wp\/v2\/users\/2"}],"replies":[{"embeddable":true,"href":"https:\/\/www.ueli-faehri.ch\/index.php?rest_route=%2Fwp%2Fv2%2Fcomments&post=36"}],"version-history":[{"count":3,"href":"https:\/\/www.ueli-faehri.ch\/index.php?rest_route=\/wp\/v2\/posts\/36\/revisions"}],"predecessor-version":[{"id":51,"href":"https:\/\/www.ueli-faehri.ch\/index.php?rest_route=\/wp\/v2\/posts\/36\/revisions\/51"}],"wp:attachment":[{"href":"https:\/\/www.ueli-faehri.ch\/index.php?rest_route=%2Fwp%2Fv2%2Fmedia&parent=36"}],"wp:term":[{"taxonomy":"category","embeddable":true,"href":"https:\/\/www.ueli-faehri.ch\/index.php?rest_route=%2Fwp%2Fv2%2Fcategories&post=36"},{"taxonomy":"post_tag","embeddable":true,"href":"https:\/\/www.ueli-faehri.ch\/index.php?rest_route=%2Fwp%2Fv2%2Ftags&post=36"}],"curies":[{"name":"wp","href":"https:\/\/api.w.org\/{rel}","templated":true}]}}